{"id":4240,"date":"2025-05-06T08:28:56","date_gmt":"2025-05-06T06:28:56","guid":{"rendered":"https:\/\/www.obernussdorf.sk\/?p=4240"},"modified":"2025-05-06T11:35:21","modified_gmt":"2025-05-06T09:35:21","slug":"malokarpatske-manevre","status":"publish","type":"post","link":"https:\/\/www.obernussdorf.sk\/en\/2025\/clanky\/malokarpatske-manevre\/","title":{"rendered":"MALOKARPATSK\u00c9 MAN\u00c9VRE"},"content":{"rendered":"<figure class=\"wp-block-image aligncenter size-large is-resized\"><img fetchpriority=\"high\" decoding=\"async\" width=\"1024\" height=\"666\" src=\"https:\/\/www.obernussdorf.sk\/wp-content\/uploads\/2025\/05\/006a-ink-1024x666.jpeg\" alt=\"\" class=\"wp-image-4242\" style=\"width:701px;height:auto\" srcset=\"https:\/\/www.obernussdorf.sk\/wp-content\/uploads\/2025\/05\/006a-ink-1024x666.jpeg 1024w, https:\/\/www.obernussdorf.sk\/wp-content\/uploads\/2025\/05\/006a-ink-300x195.jpeg 300w, https:\/\/www.obernussdorf.sk\/wp-content\/uploads\/2025\/05\/006a-ink-768x499.jpeg 768w, https:\/\/www.obernussdorf.sk\/wp-content\/uploads\/2025\/05\/006a-ink-1536x999.jpeg 1536w, https:\/\/www.obernussdorf.sk\/wp-content\/uploads\/2025\/05\/006a-ink-2048x1332.jpeg 2048w, https:\/\/www.obernussdorf.sk\/wp-content\/uploads\/2025\/05\/006a-ink-18x12.jpeg 18w\" sizes=\"(max-width: 1024px) 100vw, 1024px\" \/><\/figure>\n\n\n\n<p>Na prahu 80. v\u00fdro\u010dia ukon\u010denia II. Svetovej vojny si pripom\u00edname aj 100. v\u00fdro\u010die udalosti, ktor\u00e1 akoby predznamen\u00e1vala bl\u00ed\u017eiaci sa svetov\u00fd konflikt.<\/p>\n\n\n\n<p>V&nbsp;prv\u00e9 dni m\u00e1ja roku 1925 sa v&nbsp;Horn\u00fdch Ore\u0161anoch a&nbsp;pri\u013eahl\u00fdch obciach konalo ve\u013ek\u00e9 vojensk\u00e9 cvi\u010denie.<\/p>\n\n\n\n<p>Jeho cie\u013eom bolo by\u0165 pripraven\u00fd na mo\u017en\u00fd konflikt s&nbsp;Horthyho Ma\u010farskom. Od vzniku 1. \u010ceskoslovenskej republiky ubehlo len 7 rokov a&nbsp;e\u0161te boli v&nbsp;\u010derstvej pam\u00e4ti spomienky na boj s&nbsp;ma\u010farsk\u00fdmi vojakmi.<\/p>\n\n\n\n<p>O&nbsp;tom ko\u013eko vojakov sa cvi\u010denia z\u00fa\u010dastnilo, kde presne prebiehalo sa \u017eia\u013e u\u017e dnes asi ve\u013ea nedozvieme. Ale to je in\u00fd pr\u00edbeh.<\/p>\n\n\n\n<p>Pre poznanie a&nbsp;zachovanie hist\u00f3rie Horn\u00fdch Ore\u0161ian je zauj\u00edmav\u00fd \u00fadaj, ktor\u00fd hovor\u00ed, \u017ee ako vojensk\u00e1 kancel\u00e1ria, kde sa po\u010das cvi\u010denia nahlasovali velitelia jednotliv\u00fdch jednotiek, sl\u00fa\u017eila Kaplnka sv. Vendel\u00edna. Obdobn\u00e9 cvi\u010denie sa v&nbsp;okol\u00ed obce konalo aj 16.8.1937 a&nbsp;aj v&nbsp;tomto pr\u00edpade bola zneu\u017eit\u00e1 Kaplnka sv. Vendel\u00edna.<\/p>\n\n\n\n<p>K&nbsp;tomuto cvi\u010deniu sa n\u00e1m zachovala aj spr\u00e1va ktor\u00e1 hovor\u00ed, \u017ee sa konalo ve\u013ek\u00e9 vojensk\u00e9 cvi\u010denie v trnavskej oblasti, ktor\u00e9 trvalo do 19.8.1937. Cesty boli preplnen\u00e9 vojenskou technikou a na oblohe neust\u00e1le kr\u00fa\u017eili vojensk\u00e9 lietadl\u00e1.<\/p>\n\n\n\n<p>Je mo\u017en\u00e9, \u017ee podobn\u00fdch cvi\u010den\u00ed bolo ove\u013ea viac. \u010cSR to v\u0161ak nepomohlo. Pred dverami bol rozpad a okup\u00e1cia \u010dast\u00ed \u00fazemia. Zvy\u0161ok pr\u00edbehu v\u0161etci pozn\u00e1me.<\/p>\n\n\n\n<p>\u017dia\u013e fotografiu z\u00a0tej udalosti sme do dne\u0161n\u00fdch dn\u00ed nez\u00edskali a\u00a0preto k\u00a0\u010dl\u00e1nku priklad\u00e1me ilustra\u010dn\u00fa fotografiu vojakov gu\u013eometnej roty \u010ceskoslovenskej arm\u00e1dy z\u00a0roku 1924, na ktorej je aj hornoore\u0161ansk\u00fd rod\u00e1k.<\/p>\n\n\n\n<p>Mo\u017eno pri \u010d\u00edtan\u00ed tohto kr\u00e1tkeho \u010dl\u00e1nku si spomeniete na fotografiu z&nbsp;v\u00e1\u0161ho rodinn\u00e9ho arch\u00edvu, ktor\u00fa ste si nevedeli nikam priradi\u0165 a&nbsp;ktor\u00e1 pr\u00e1ve zachyt\u00e1va niektor\u00e9 z&nbsp;vojensk\u00fdch cvi\u010den\u00ed v&nbsp;Horn\u00fdch Ore\u0161anoch. Mo\u017eno dokonca aj necitliv\u00e9 vyu\u017eitie Kaplnky sv. Vendel\u00edna.<\/p>\n\n\n\n<p>(JS)<\/p>\n\n\n\n<p>foto: s\u00fakromn\u00fd arch\u00edv (MH)<\/p>","protected":false},"excerpt":{"rendered":"<p>Na prahu 80. v\u00fdro\u010dia ukon\u010denia II. Svetovej vojny si pripom\u00edname aj 100. v\u00fdro\u010die udalosti, ktor\u00e1 akoby predznamen\u00e1vala bl\u00ed\u017eiaci sa svetov\u00fd konflikt. V&nbsp;prv\u00e9 dni m\u00e1ja roku 1925 sa v&nbsp;Horn\u00fdch Ore\u0161anoch a&nbsp;pri\u013eahl\u00fdch obciach konalo ve\u013ek\u00e9 vojensk\u00e9 cvi\u010denie. Jeho cie\u013eom bolo by\u0165 pripraven\u00fd na mo\u017en\u00fd konflikt s&nbsp;Horthyho Ma\u010farskom. Od vzniku 1. \u010ceskoslovenskej republiky ubehlo len 7 rokov a&nbsp;e\u0161te [&hellip;]<\/p>\n","protected":false},"author":1,"featured_media":4242,"comment_status":"closed","ping_status":"closed","sticky":false,"template":"","format":"standard","meta":{"inline_featured_image":false,"footnotes":""},"categories":[1,41],"tags":[25],"class_list":["post-4240","post","type-post","status-publish","format-standard","has-post-thumbnail","hentry","category-clanky","category-historia","tag-25"],"_links":{"self":[{"href":"https:\/\/www.obernussdorf.sk\/en\/wp-json\/wp\/v2\/posts\/4240","targetHints":{"allow":["GET"]}}],"collection":[{"href":"https:\/\/www.obernussdorf.sk\/en\/wp-json\/wp\/v2\/posts"}],"about":[{"href":"https:\/\/www.obernussdorf.sk\/en\/wp-json\/wp\/v2\/types\/post"}],"author":[{"embeddable":true,"href":"https:\/\/www.obernussdorf.sk\/en\/wp-json\/wp\/v2\/users\/1"}],"replies":[{"embeddable":true,"href":"https:\/\/www.obernussdorf.sk\/en\/wp-json\/wp\/v2\/comments?post=4240"}],"version-history":[{"count":3,"href":"https:\/\/www.obernussdorf.sk\/en\/wp-json\/wp\/v2\/posts\/4240\/revisions"}],"predecessor-version":[{"id":4252,"href":"https:\/\/www.obernussdorf.sk\/en\/wp-json\/wp\/v2\/posts\/4240\/revisions\/4252"}],"wp:featuredmedia":[{"embeddable":true,"href":"https:\/\/www.obernussdorf.sk\/en\/wp-json\/wp\/v2\/media\/4242"}],"wp:attachment":[{"href":"https:\/\/www.obernussdorf.sk\/en\/wp-json\/wp\/v2\/media?parent=4240"}],"wp:term":[{"taxonomy":"category","embeddable":true,"href":"https:\/\/www.obernussdorf.sk\/en\/wp-json\/wp\/v2\/categories?post=4240"},{"taxonomy":"post_tag","embeddable":true,"href":"https:\/\/www.obernussdorf.sk\/en\/wp-json\/wp\/v2\/tags?post=4240"}],"curies":[{"name":"wp","href":"https:\/\/api.w.org\/{rel}","templated":true}]}}