{"id":4184,"date":"2025-04-14T09:42:00","date_gmt":"2025-04-14T07:42:00","guid":{"rendered":"https:\/\/www.obernussdorf.sk\/?p=4184"},"modified":"2025-04-14T09:53:07","modified_gmt":"2025-04-14T07:53:07","slug":"nedaj-sa-hornooresansky-vlk","status":"publish","type":"post","link":"https:\/\/www.obernussdorf.sk\/en\/2025\/clanky\/nedaj-sa-hornooresansky-vlk\/","title":{"rendered":"\u2026NEDAJ SA HORNOORE\u0160ANSK\u00dd VLK\u2026"},"content":{"rendered":"<p><strong>(35. zalo\u017eenia 1. oddielu skautov Horn\u00e9 Ore\u0161any)<\/strong><\/p>\n\n\n\n<figure class=\"wp-block-image aligncenter size-large is-resized\"><img fetchpriority=\"high\" decoding=\"async\" width=\"1024\" height=\"696\" src=\"https:\/\/www.obernussdorf.sk\/wp-content\/uploads\/2025\/04\/skautsky-tabor-1993-1024x696.jpg\" alt=\"\" class=\"wp-image-4187\" style=\"width:599px;height:auto\" srcset=\"https:\/\/www.obernussdorf.sk\/wp-content\/uploads\/2025\/04\/skautsky-tabor-1993-1024x696.jpg 1024w, https:\/\/www.obernussdorf.sk\/wp-content\/uploads\/2025\/04\/skautsky-tabor-1993-300x204.jpg 300w, https:\/\/www.obernussdorf.sk\/wp-content\/uploads\/2025\/04\/skautsky-tabor-1993-768x522.jpg 768w, https:\/\/www.obernussdorf.sk\/wp-content\/uploads\/2025\/04\/skautsky-tabor-1993-1536x1044.jpg 1536w, https:\/\/www.obernussdorf.sk\/wp-content\/uploads\/2025\/04\/skautsky-tabor-1993-2048x1392.jpg 2048w, https:\/\/www.obernussdorf.sk\/wp-content\/uploads\/2025\/04\/skautsky-tabor-1993-18x12.jpg 18w\" sizes=\"(max-width: 1024px) 100vw, 1024px\" \/><\/figure>\n\n\n\n<p class=\"has-text-align-center\"><em>Skautsk\u00fd t\u00e1bor 1993 J\u00e1gerka, \u010dasopis ore\u0161ansk\u00fdch skautov Ram tam tam 1993<\/em><\/p>\n\n\n\n<p>Spozn\u00e1va\u0165 miestnu hist\u00f3riu a p\u00edsa\u0165 o&nbsp;nej, je \u00fa\u017easn\u00e9 a vzru\u0161uj\u00face. Aj tu sa n\u00e1jdu t\u00e9my, ktor\u00e9 s\u00fa mi bli\u017e\u0161ie, osobnej\u0161ie a&nbsp;na ktor\u00e9 sa osobitne te\u0161\u00edm. Medzi tak\u00e9 patria aj \u010dl\u00e1nky, ktor\u00e9 pojedn\u00e1vaj\u00fa o&nbsp;skautingu.<\/p>\n\n\n\n<p>V&nbsp;roku 2023 som nap\u00edsal \u010dl\u00e1nok <a href=\"https:\/\/www.obernussdorf.sk\/en\/2023\/clanky\/na-prvom-mieste-boh-a-potom-hudba-a-skauting-dr-jozef-hlavaty\/\" data-type=\"link\" data-id=\"https:\/\/www.obernussdorf.sk\/2023\/clanky\/na-prvom-mieste-boh-a-potom-hudba-a-skauting-dr-jozef-hlavaty\/\"><mark style=\"background-color:rgba(0, 0, 0, 0);color:#052b9f\" class=\"has-inline-color\">NA PRVOM MIESTE BOH A POTOM HUDBA A&nbsp;SKAUTING<\/mark><\/a>, ktor\u00fd sa venoval p\u00f4sobeniu Dr. Jozefa Hlavat\u00e9ho, k\u0148aza, hudobn\u00e9ho pedag\u00f3ga a kritika, esejistu, muzikol\u00f3ga, skauta v&nbsp;na\u0161ej obci.<\/p>\n\n\n\n<p>Dnes pri\u0161la na rad t\u00e9ma, ktor\u00e1 je pre viacer\u00fdch hornoore\u0161ancov e\u0161te osobnej\u0161ia. Konkr\u00e9tne zalo\u017eenie 1. oddielu skautov \u201eOre\u0161ansk\u00ed Vlci\u201c, ktor\u00fd vznikol 14.4.1990. Pre n\u00e1zov \u010dl\u00e1nku som si preto vypo\u017ei\u010dal aj \u010das\u0165 oddielov\u00e9ho pokriku.<\/p>\n\n\n\n<p>Ne\u017en\u00e1 revol\u00facia priniesla rozpad totalitn\u00e9ho re\u017eimu a 3. vlnu obnovy skautingu na Slovensku. Bolo prirodzen\u00e9, \u017ee v\u00e4\u010d\u0161inou skauting obnovovali t\u00ed, ktor\u00ed v\u00a0minulosti skauting za\u017eili.<\/p>\n\n\n\n<p>Pre Horn\u00e9 Ore\u0161any v\u0161ak toto pravidlo neplatilo, ke\u010f\u017ee tu skauting trad\u00edciu nemal. Cez to v\u0161etko sa na\u0161iel zanietenec, ktor\u00fd sa rozhodol za\u010da\u0165 so skautingom. Hovor\u00edm o&nbsp;Jozefovi Pa\u0161ekovi skautsk\u00fdm menom \u201eLi\u0161iak\u201c, ktor\u00e9ho motiv\u00e1cia a&nbsp;zanietenie vych\u00e1dzali zo starej skautskej kni\u017eky, ktor\u00e1 sa v&nbsp;ich rodine dedila. Ako sa k&nbsp;n\u00edm dostala to u\u017e dnes nik nevie. Aj to, \u017ee pojedn\u00e1va o&nbsp;skautingu zistil a\u017e po mnoh\u00fdch rokoch.<\/p>\n\n\n\n<p>Jej obsah vyu\u017e\u00edval u\u017e za b\u00fdval\u00e9ho re\u017eimu, ke\u010f n\u00e1pady a&nbsp;my\u0161lienky uverejnen\u00e9 v&nbsp;tejto knihe zakomponov\u00e1val do \u010dinnosti turistick\u00e9ho oddielu. Kto vie ako by dopadol, keby prisluhova\u010di b\u00fdval\u00e9ho re\u017eimu zistili, \u017ee pracuje s&nbsp;ml\u00e1de\u017eou pod\u013ea skautsk\u00fdch ide\u00ed?<\/p>\n\n\n\n<p>P\u00e1d re\u017eimu s\u00e1m osebe nesta\u010dil pre to, aby Jozef Pa\u0161ek zalo\u017eil skautsk\u00fd oddiel. T\u00fdm posledn\u00fdm impulzom bola v\u00fdzva k&nbsp;obnove skautingu v&nbsp;novin\u00e1ch, ktor\u00fa uverejnil trnavsk\u00fd skaut Oleg \u010eur\u010dansk\u00fd \u2013 Yeti a&nbsp;na ktor\u00fa n\u00e1hodou Jozef Pa\u0161ek narazil a&nbsp;aj reagoval. Slovo dalo slovo a&nbsp;za chv\u00ed\u013eu u\u017e bol na vodcovskej Lesnej \u0161kole v&nbsp;Liptovskej Osade. Bolo to miesto, kde prv\u00fd kr\u00e1t skuto\u010dne za\u017eil skauting a kde z\u00e1rove\u0148 zlo\u017eil skautsk\u00fd s\u013eub.<\/p>\n\n\n\n<p>Po n\u00e1vrate uverejnil v&nbsp;obci v\u00fdzvu. Jej v\u00fdsledkom bolo zalo\u017eenie oddielu 1. oddielu skautov u\u017e spom\u00ednan\u00e9ho 14. apr\u00edla 1990. Ako oddiel samostatne fungova\u0165 nemohli, a&nbsp;tak boli s\u00fa\u010das\u0165ou 1. zboru skautov Trnava (nesk\u00f4r 88. zbor \u0160tvorl\u00edstok). V&nbsp;tom istom zbore za\u010d\u00ednali aj moje skautsk\u00e9 kroky, a&nbsp;to v&nbsp;3. oddiely skautov \u201eZlat\u00ed sokoli\u201c. Nie raz sme sa po\u010das na\u0161ich akci\u00ed a&nbsp;t\u00e1borov stretli s Hornoore\u0161ancami na J\u00e1gerke.&nbsp;<\/p>\n\n\n\n<p>Vr\u00e1\u0165me sa ale sp\u00e4\u0165 k&nbsp;vzniku skautsk\u00e9ho oddielu \u201eOre\u0161ansk\u00ed Vlci\u201c. Hne\u010f na za\u010diatku vystal probl\u00e9m, kde sa stret\u00e1va\u0165. Prv\u00fdm miestom, kde sa skauti us\u00eddlili bola klubov\u0148a, ktor\u00e1 vznikla preroben\u00edm dielne na dvore u&nbsp;brata Li\u0161iaka. V&nbsp;priebehu rokov t\u00fdch klubovn\u00ed a&nbsp;priestorov, ktor\u00e9 si skauti svojpomocne upravili bolo ne\u00farekom. Pivnica pod Obecn\u00fdm \u00faradom, Pastiere\u0148, skladan\u00e1 klubov\u0148a na dvore u&nbsp;Li\u0161iaka,&#8230;<\/p>\n\n\n\n<p>Prv\u00fd t\u00e1bor, ktor\u00ed Vlci zorganizovali bol t\u00e1bor na Horn\u00fdch l\u00fakach pod priehradou v&nbsp;roku 1990. Na t\u00e1bore sa z\u00fa\u010dastnili aj prv\u00e9 skautky, aj ke\u010f diev\u010densk\u00fd oddiel ofici\u00e1lne vznikol a\u017e v&nbsp;roku 1991. To je u\u017e ale in\u00fd pr\u00edbeh.<\/p>\n\n\n\n<p>Li\u0161iak viedol skautov a\u017e do roku 2000, kedy vedenie predal svojim odchovancom. Z&nbsp;p\u00f4vodne dvoch oddielov, ktor\u00e9 patrili pod Trnavu vznikol samostatn\u00fd zbor. \u017dia\u013e dnes vieme, \u017ee to bola u\u017e len \u201eLabutia piese\u0148\u201c. Zbor, ako aj skautsk\u00e9 oddiely zanikli a&nbsp;s&nbsp;n\u00edm aj trad\u00edcia skautingu v&nbsp;obci.<\/p>\n\n\n\n<p>P\u00f4vodne som chcel uverejni\u0165 pri \u010dl\u00e1nku fotografiu z&nbsp;prv\u00e9ho t\u00e1bora, ktor\u00fd sa konal pod priehradou na Horn\u00fdch l\u00fakach. \u017dia\u013e do uverejnenia \u010dl\u00e1nku sa n\u00e1m ju nepodarilo z\u00edska\u0165. M\u00e1me v\u0161ak p\u00f4vodn\u00fd dokument, ktor\u00fdm obec povolila organizovanie tohto t\u00e1bora.<\/p>\n\n\n\n<p>Na z\u00e1ver by som r\u00e1d po\u010fakoval za rozhovor a poskytnut\u00e9 materi\u00e1ly bratovi Li\u0161iakovi. Ver\u00edm, \u017ee to nebol posledn\u00fd rozhovor a&nbsp;ani posledn\u00fd \u010dl\u00e1nok Vlkoch.<\/p>\n\n\n\n<p>PS: Pom\u00f4\u017ete n\u00e1m zachova\u0165 pamiatku na Hornoore\u0161ansk\u00fd skauting! Ak m\u00e1te doma fotografie, \u010di in\u00e9 materi\u00e1ly, boli by sme radi, ak by ste n\u00e1m ich poskytli na zdigitalizovanie a&nbsp;pr\u00edpadne doplnili vhodn\u00fdm koment\u00e1rom. Mo\u017eno pr\u00e1ve tie va\u0161e, bud\u00fa tvori\u0165 z\u00e1kladn\u00fd kame\u0148 k&nbsp;pr\u00edprave \u010dl\u00e1nku &#8211;&nbsp;35. v\u00fdro\u010diu zalo\u017eenia oddielu skautiek, ktor\u00e9 si pripomenieme bud\u00faci rok.<\/p>\n\n\n\n<p>(JS) <\/p>\n\n\n\n<figure class=\"wp-block-image size-large\"><img decoding=\"async\" width=\"1024\" height=\"976\" src=\"https:\/\/www.obernussdorf.sk\/wp-content\/uploads\/2025\/04\/slobodnik.jakub_250414-080422-1cb-1024x976.jpg\" alt=\"\" class=\"wp-image-4186\" srcset=\"https:\/\/www.obernussdorf.sk\/wp-content\/uploads\/2025\/04\/slobodnik.jakub_250414-080422-1cb-1024x976.jpg 1024w, https:\/\/www.obernussdorf.sk\/wp-content\/uploads\/2025\/04\/slobodnik.jakub_250414-080422-1cb-300x286.jpg 300w, https:\/\/www.obernussdorf.sk\/wp-content\/uploads\/2025\/04\/slobodnik.jakub_250414-080422-1cb-768x732.jpg 768w, https:\/\/www.obernussdorf.sk\/wp-content\/uploads\/2025\/04\/slobodnik.jakub_250414-080422-1cb-1536x1464.jpg 1536w, https:\/\/www.obernussdorf.sk\/wp-content\/uploads\/2025\/04\/slobodnik.jakub_250414-080422-1cb-2048x1953.jpg 2048w, https:\/\/www.obernussdorf.sk\/wp-content\/uploads\/2025\/04\/slobodnik.jakub_250414-080422-1cb-13x12.jpg 13w\" sizes=\"(max-width: 1024px) 100vw, 1024px\" \/><\/figure>\n\n\n\n<p><\/p>","protected":false},"excerpt":{"rendered":"<p>(35. zalo\u017eenia 1. oddielu skautov Horn\u00e9 Ore\u0161any) Skautsk\u00fd t\u00e1bor 1993 J\u00e1gerka, \u010dasopis ore\u0161ansk\u00fdch skautov Ram tam tam 1993 Spozn\u00e1va\u0165 miestnu hist\u00f3riu a p\u00edsa\u0165 o&nbsp;nej, je \u00fa\u017easn\u00e9 a vzru\u0161uj\u00face. Aj tu sa n\u00e1jdu t\u00e9my, ktor\u00e9 s\u00fa mi bli\u017e\u0161ie, osobnej\u0161ie a&nbsp;na ktor\u00e9 sa osobitne te\u0161\u00edm. Medzi tak\u00e9 patria aj \u010dl\u00e1nky, ktor\u00e9 pojedn\u00e1vaj\u00fa o&nbsp;skautingu. V&nbsp;roku 2023 som nap\u00edsal [&hellip;]<\/p>\n","protected":false},"author":1,"featured_media":4187,"comment_status":"closed","ping_status":"closed","sticky":false,"template":"","format":"standard","meta":{"inline_featured_image":false,"footnotes":""},"categories":[1,41],"tags":[25],"class_list":["post-4184","post","type-post","status-publish","format-standard","has-post-thumbnail","hentry","category-clanky","category-historia","tag-25"],"_links":{"self":[{"href":"https:\/\/www.obernussdorf.sk\/en\/wp-json\/wp\/v2\/posts\/4184","targetHints":{"allow":["GET"]}}],"collection":[{"href":"https:\/\/www.obernussdorf.sk\/en\/wp-json\/wp\/v2\/posts"}],"about":[{"href":"https:\/\/www.obernussdorf.sk\/en\/wp-json\/wp\/v2\/types\/post"}],"author":[{"embeddable":true,"href":"https:\/\/www.obernussdorf.sk\/en\/wp-json\/wp\/v2\/users\/1"}],"replies":[{"embeddable":true,"href":"https:\/\/www.obernussdorf.sk\/en\/wp-json\/wp\/v2\/comments?post=4184"}],"version-history":[{"count":3,"href":"https:\/\/www.obernussdorf.sk\/en\/wp-json\/wp\/v2\/posts\/4184\/revisions"}],"predecessor-version":[{"id":4192,"href":"https:\/\/www.obernussdorf.sk\/en\/wp-json\/wp\/v2\/posts\/4184\/revisions\/4192"}],"wp:featuredmedia":[{"embeddable":true,"href":"https:\/\/www.obernussdorf.sk\/en\/wp-json\/wp\/v2\/media\/4187"}],"wp:attachment":[{"href":"https:\/\/www.obernussdorf.sk\/en\/wp-json\/wp\/v2\/media?parent=4184"}],"wp:term":[{"taxonomy":"category","embeddable":true,"href":"https:\/\/www.obernussdorf.sk\/en\/wp-json\/wp\/v2\/categories?post=4184"},{"taxonomy":"post_tag","embeddable":true,"href":"https:\/\/www.obernussdorf.sk\/en\/wp-json\/wp\/v2\/tags?post=4184"}],"curies":[{"name":"wp","href":"https:\/\/api.w.org\/{rel}","templated":true}]}}