{"id":4179,"date":"2025-04-18T06:20:00","date_gmt":"2025-04-18T04:20:00","guid":{"rendered":"https:\/\/www.obernussdorf.sk\/?p=4179"},"modified":"2025-04-11T09:46:43","modified_gmt":"2025-04-11T07:46:43","slug":"smrtelne-nestastie-na-lesnej-drahe","status":"publish","type":"post","link":"https:\/\/www.obernussdorf.sk\/en\/2025\/clanky\/smrtelne-nestastie-na-lesnej-drahe\/","title":{"rendered":"Smrte\u013en\u00e9 ne\u0161\u0165astie na lesnej dr\u00e1he"},"content":{"rendered":"<p>\u0164a\u017eba dreva a\u00a0jeho zv\u00e1\u017eanie po lesnej \u017eeleznici nikdy nebolo bezpe\u010dn\u00e9. Ke\u010f k\u00a0tomu e\u0161te prid\u00e1me nezodpovednos\u0165 a\u00a0\u013eahkov\u00e1\u017enos\u0165, n\u00e1sledok je hne\u010f za prvou z\u00e1krutou. V\u00a0\u010dl\u00e1nku z\u00a018.4.1930, ktor\u00fd bol uverejnen\u00fd v\u00a0Slovensk\u00fdch \u013eudov\u00fdch novin\u00e1ch sa do\u010d\u00edtate, \u010do sa stalo na \u00fazkorozchodnej lesnej \u017eeleznici pri zv\u00e1\u017ean\u00ed dreva na Majdan.<\/p>\n\n\n\n<figure class=\"wp-block-image aligncenter size-full\"><img fetchpriority=\"high\" decoding=\"async\" width=\"587\" height=\"506\" src=\"https:\/\/www.obernussdorf.sk\/wp-content\/uploads\/2025\/04\/Slovenske-ludove-noviny-18.4.1930_a.jpg\" alt=\"\" class=\"wp-image-4180\" srcset=\"https:\/\/www.obernussdorf.sk\/wp-content\/uploads\/2025\/04\/Slovenske-ludove-noviny-18.4.1930_a.jpg 587w, https:\/\/www.obernussdorf.sk\/wp-content\/uploads\/2025\/04\/Slovenske-ludove-noviny-18.4.1930_a-300x259.jpg 300w, https:\/\/www.obernussdorf.sk\/wp-content\/uploads\/2025\/04\/Slovenske-ludove-noviny-18.4.1930_a-14x12.jpg 14w\" sizes=\"(max-width: 587px) 100vw, 587px\" \/><\/figure>","protected":false},"excerpt":{"rendered":"<p>\u0164a\u017eba dreva a\u00a0jeho zv\u00e1\u017eanie po lesnej \u017eeleznici nikdy nebolo bezpe\u010dn\u00e9. Ke\u010f k\u00a0tomu e\u0161te prid\u00e1me nezodpovednos\u0165 a\u00a0\u013eahkov\u00e1\u017enos\u0165, n\u00e1sledok je hne\u010f za prvou z\u00e1krutou. V\u00a0\u010dl\u00e1nku z\u00a018.4.1930, ktor\u00fd bol uverejnen\u00fd v\u00a0Slovensk\u00fdch \u013eudov\u00fdch novin\u00e1ch sa do\u010d\u00edtate, \u010do sa stalo na \u00fazkorozchodnej lesnej \u017eeleznici pri zv\u00e1\u017ean\u00ed dreva na Majdan.<\/p>","protected":false},"author":1,"featured_media":4181,"comment_status":"closed","ping_status":"closed","sticky":false,"template":"","format":"standard","meta":{"inline_featured_image":false,"footnotes":""},"categories":[51,1],"tags":[25],"class_list":["post-4179","post","type-post","status-publish","format-standard","has-post-thumbnail","hentry","category-historky","category-clanky","tag-25"],"_links":{"self":[{"href":"https:\/\/www.obernussdorf.sk\/en\/wp-json\/wp\/v2\/posts\/4179","targetHints":{"allow":["GET"]}}],"collection":[{"href":"https:\/\/www.obernussdorf.sk\/en\/wp-json\/wp\/v2\/posts"}],"about":[{"href":"https:\/\/www.obernussdorf.sk\/en\/wp-json\/wp\/v2\/types\/post"}],"author":[{"embeddable":true,"href":"https:\/\/www.obernussdorf.sk\/en\/wp-json\/wp\/v2\/users\/1"}],"replies":[{"embeddable":true,"href":"https:\/\/www.obernussdorf.sk\/en\/wp-json\/wp\/v2\/comments?post=4179"}],"version-history":[{"count":1,"href":"https:\/\/www.obernussdorf.sk\/en\/wp-json\/wp\/v2\/posts\/4179\/revisions"}],"predecessor-version":[{"id":4183,"href":"https:\/\/www.obernussdorf.sk\/en\/wp-json\/wp\/v2\/posts\/4179\/revisions\/4183"}],"wp:featuredmedia":[{"embeddable":true,"href":"https:\/\/www.obernussdorf.sk\/en\/wp-json\/wp\/v2\/media\/4181"}],"wp:attachment":[{"href":"https:\/\/www.obernussdorf.sk\/en\/wp-json\/wp\/v2\/media?parent=4179"}],"wp:term":[{"taxonomy":"category","embeddable":true,"href":"https:\/\/www.obernussdorf.sk\/en\/wp-json\/wp\/v2\/categories?post=4179"},{"taxonomy":"post_tag","embeddable":true,"href":"https:\/\/www.obernussdorf.sk\/en\/wp-json\/wp\/v2\/tags?post=4179"}],"curies":[{"name":"wp","href":"https:\/\/api.w.org\/{rel}","templated":true}]}}