{"id":3649,"date":"2022-05-16T10:23:00","date_gmt":"2022-05-16T08:23:00","guid":{"rendered":"https:\/\/www.obernussdorf.sk\/?p=3649"},"modified":"2024-10-18T10:25:43","modified_gmt":"2024-10-18T08:25:43","slug":"sv-jan-z-nepomuku-natahuje-k-letu-ruku","status":"publish","type":"post","link":"https:\/\/www.obernussdorf.sk\/en\/2022\/clanky\/sv-jan-z-nepomuku-natahuje-k-letu-ruku\/","title":{"rendered":"SV. J\u00c1N Z NEPOMUKU NA\u0164AHUJE K LETU RUKU"},"content":{"rendered":"<figure class=\"wp-block-image size-medium\"><img fetchpriority=\"high\" decoding=\"async\" width=\"300\" height=\"232\" src=\"https:\/\/www.obernussdorf.sk\/wp-content\/uploads\/2024\/10\/280722709_415421083922488_5892474109238783900_n-300x232.jpg\" alt=\"socha sv. J\u00e1na Nepomuck\u00e9ho\" class=\"wp-image-3650\" srcset=\"https:\/\/www.obernussdorf.sk\/wp-content\/uploads\/2024\/10\/280722709_415421083922488_5892474109238783900_n-300x232.jpg 300w, https:\/\/www.obernussdorf.sk\/wp-content\/uploads\/2024\/10\/280722709_415421083922488_5892474109238783900_n-1024x792.jpg 1024w, https:\/\/www.obernussdorf.sk\/wp-content\/uploads\/2024\/10\/280722709_415421083922488_5892474109238783900_n-768x594.jpg 768w, https:\/\/www.obernussdorf.sk\/wp-content\/uploads\/2024\/10\/280722709_415421083922488_5892474109238783900_n-16x12.jpg 16w, https:\/\/www.obernussdorf.sk\/wp-content\/uploads\/2024\/10\/280722709_415421083922488_5892474109238783900_n.jpg 1192w\" sizes=\"(max-width: 300px) 100vw, 300px\" \/><\/figure>\n\n\n\n<p><img decoding=\"async\" height=\"16\" width=\"16\" alt=\"\ud83d\udca6\" src=\"https:\/\/static.xx.fbcdn.net\/images\/emoji.php\/v9\/tc1\/1\/16\/1f4a6.png\"> V dne\u0161n\u00fd de\u0148 si pripom\u00edname sviatok sv. J\u00e1na Nepomuck\u00e9ho, mu\u010den\u00edka spovedn\u00e9ho tajomstva a patr\u00f3na pri pr\u00edrodn\u00fdch pohrom\u00e1ch a povodniach a tie\u017e patr\u00f3na mlyn\u00e1rov.<\/p>\n\n\n\n<p><img decoding=\"async\" height=\"16\" width=\"16\" alt=\"\ud83d\udca6\" src=\"https:\/\/static.xx.fbcdn.net\/images\/emoji.php\/v9\/tc1\/1\/16\/1f4a6.png\"> Radi by sme V\u00e1m priniesli historick\u00fd exkurz o \u00facte k tomuto sv\u00e4tcovi v na\u0161ej obci.<\/p>\n\n\n\n<p><img decoding=\"async\" height=\"16\" width=\"16\" alt=\"\ud83d\udca6\" src=\"https:\/\/static.xx.fbcdn.net\/images\/emoji.php\/v9\/tc1\/1\/16\/1f4a6.png\"><a><\/a>Jeho sochy zvy\u010dajne umiest\u0148ovali na mostoch, v bl\u00edzkosti vodn\u00fdch tokov, pri mlynoch a mlynsk\u00fdch n\u00e1honoch. V Horn\u00fdch Ore\u0161anoch sme v minulosti mali a\u017e tri sochy tohto sv\u00e4tca.<\/p>\n\n\n\n<p><img decoding=\"async\" height=\"16\" width=\"16\" alt=\"\ud83d\udca6\" src=\"https:\/\/static.xx.fbcdn.net\/images\/emoji.php\/v9\/tc1\/1\/16\/1f4a6.png\"> Do dne\u0161n\u00fdch dn\u00ed sa \u017eia\u013e zachovali len dve. Prv\u00fa n\u00e1jdete pri kostole Mena Panny M\u00e1rie a druh\u00fa na Hornom Z\u00e1humn\u00ed.<\/p>\n\n\n\n<p><img decoding=\"async\" height=\"16\" width=\"16\" alt=\"\ud83d\udca6\" src=\"https:\/\/static.xx.fbcdn.net\/images\/emoji.php\/v9\/tc1\/1\/16\/1f4a6.png\"> Mo\u017eno v\u00e1s prekvap\u00ed, \u017ee ani jedna nestoj\u00ed na svojom p\u00f4vodnom mieste.<\/p>\n\n\n\n<p>&#8211; Barokov\u00e1 socha od kostola st\u00e1la p\u00f4vodne pri Mladom potoku (mlynsk\u00fd n\u00e1hon) v miestach dne\u0161n\u00e9ho Kult\u00farneho domu, kde bol p\u00f4vodn\u00fd ore\u0161ansk\u00fd kostol.<\/p>\n\n\n\n<p>&#8211; Nepomuk z Horn\u00e9ho z\u00e1humnia bol zasa p\u00f4vodne v lokalite okolo dne\u0161n\u00e9ho stavu pri hasi\u010dskej zbrojnici.<\/p>\n\n\n\n<p>&#8211; Tretia socha, ktor\u00e1 sa \u017eia\u013e nezachovala st\u00e1vala na pilieri mosta na L\u00e1zni. \u010ci bolo jej po\u0161kodenie n\u00e1hoda alebo \u00famysel, to sa dnes u\u017e nedozvieme. Vtedaj\u0161iemu re\u017eimu to v\u0161ak pri\u0161lo vhod a tak bola socha pri rekon\u0161trukcii mosta odstr\u00e1nen\u00e1.<\/p>\n\n\n\n<p>Foto: Socha sv. J\u00e1na Nepomuck\u00e9ho pri kotole Mena Panny M\u00e1rie, 1963 \u00a9 Z\u00e1padoslovensk\u00e9 m\u00fazeum v Trnave<\/p>","protected":false},"excerpt":{"rendered":"<p>V dne\u0161n\u00fd de\u0148 si pripom\u00edname sviatok sv. J\u00e1na Nepomuck\u00e9ho, mu\u010den\u00edka spovedn\u00e9ho tajomstva a patr\u00f3na pri pr\u00edrodn\u00fdch pohrom\u00e1ch a povodniach a tie\u017e patr\u00f3na mlyn\u00e1rov. Radi by sme V\u00e1m priniesli historick\u00fd exkurz o \u00facte k tomuto sv\u00e4tcovi v na\u0161ej obci. Jeho sochy zvy\u010dajne umiest\u0148ovali na mostoch, v bl\u00edzkosti vodn\u00fdch tokov, pri mlynoch a mlynsk\u00fdch n\u00e1honoch. V Horn\u00fdch [&hellip;]<\/p>\n","protected":false},"author":1,"featured_media":3650,"comment_status":"closed","ping_status":"closed","sticky":false,"template":"","format":"standard","meta":{"inline_featured_image":false,"footnotes":""},"categories":[1,41],"tags":[22],"class_list":["post-3649","post","type-post","status-publish","format-standard","has-post-thumbnail","hentry","category-clanky","category-historia","tag-22"],"_links":{"self":[{"href":"https:\/\/www.obernussdorf.sk\/en\/wp-json\/wp\/v2\/posts\/3649","targetHints":{"allow":["GET"]}}],"collection":[{"href":"https:\/\/www.obernussdorf.sk\/en\/wp-json\/wp\/v2\/posts"}],"about":[{"href":"https:\/\/www.obernussdorf.sk\/en\/wp-json\/wp\/v2\/types\/post"}],"author":[{"embeddable":true,"href":"https:\/\/www.obernussdorf.sk\/en\/wp-json\/wp\/v2\/users\/1"}],"replies":[{"embeddable":true,"href":"https:\/\/www.obernussdorf.sk\/en\/wp-json\/wp\/v2\/comments?post=3649"}],"version-history":[{"count":1,"href":"https:\/\/www.obernussdorf.sk\/en\/wp-json\/wp\/v2\/posts\/3649\/revisions"}],"predecessor-version":[{"id":3651,"href":"https:\/\/www.obernussdorf.sk\/en\/wp-json\/wp\/v2\/posts\/3649\/revisions\/3651"}],"wp:featuredmedia":[{"embeddable":true,"href":"https:\/\/www.obernussdorf.sk\/en\/wp-json\/wp\/v2\/media\/3650"}],"wp:attachment":[{"href":"https:\/\/www.obernussdorf.sk\/en\/wp-json\/wp\/v2\/media?parent=3649"}],"wp:term":[{"taxonomy":"category","embeddable":true,"href":"https:\/\/www.obernussdorf.sk\/en\/wp-json\/wp\/v2\/categories?post=3649"},{"taxonomy":"post_tag","embeddable":true,"href":"https:\/\/www.obernussdorf.sk\/en\/wp-json\/wp\/v2\/tags?post=3649"}],"curies":[{"name":"wp","href":"https:\/\/api.w.org\/{rel}","templated":true}]}}