{"id":3646,"date":"2022-05-19T10:21:00","date_gmt":"2022-05-19T08:21:00","guid":{"rendered":"https:\/\/www.obernussdorf.sk\/?p=3646"},"modified":"2024-10-18T10:28:58","modified_gmt":"2024-10-18T08:28:58","slug":"pripominame-si-vyznamne-osobnosti-nasej-obce","status":"publish","type":"post","link":"https:\/\/www.obernussdorf.sk\/en\/2022\/clanky\/pripominame-si-vyznamne-osobnosti-nasej-obce\/","title":{"rendered":"PRIPOM\u00cdNAME SI V\u00ddZNAMN\u00c9 OSOBNOSTI NA\u0160EJ OBCE"},"content":{"rendered":"<figure class=\"wp-block-image size-medium\"><img fetchpriority=\"high\" decoding=\"async\" width=\"300\" height=\"215\" src=\"https:\/\/www.obernussdorf.sk\/wp-content\/uploads\/2024\/10\/281300804_417474203717176_8476176027807377871_n-300x215.jpg\" alt=\"Viktor Br\u00f3s, Mikul\u00e1\u0161 Schneider Trnavsk\u00fd a krojovanci\" class=\"wp-image-3647\" srcset=\"https:\/\/www.obernussdorf.sk\/wp-content\/uploads\/2024\/10\/281300804_417474203717176_8476176027807377871_n-300x215.jpg 300w, https:\/\/www.obernussdorf.sk\/wp-content\/uploads\/2024\/10\/281300804_417474203717176_8476176027807377871_n-18x12.jpg 18w, https:\/\/www.obernussdorf.sk\/wp-content\/uploads\/2024\/10\/281300804_417474203717176_8476176027807377871_n.jpg 720w\" sizes=\"(max-width: 300px) 100vw, 300px\" \/><\/figure>\n\n\n\n<p>Viktor Br\u00f3s (* 19.5.1922 Lietavsk\u00e1 L\u00faka \u2013 \u2020 12.5.1976 Trnava)<\/p>\n\n\n\n<p>V dne\u0161n\u00fd de\u0148 si pripom\u00edname 100. v\u00fdro\u010die narodenia Viktora Br\u00f3sa, hudobn\u00edka, zbormajstra, hudobn\u00e9ho pedag\u00f3ga, odborn\u00e9ho publicistu, dlhoro\u010dn\u00e9ho dirigenta spevokolu Bradlan, ved\u00faceho Katedry hudobnej v\u00fdchovy na Pedagogickej fakulte UK v Trnave, umeleck\u00e9ho ved\u00faceho Okresn\u00e9ho u\u010dite\u013esk\u00e9ho spevokolu, spoluorganiz\u00e1tora Hudobnej jari a spev\u00e1ckej s\u00fa\u0165a\u017ee Mikul\u00e1\u0161a <a><\/a>Schneidra-Trnavsk\u00e9ho.<\/p>\n\n\n\n<p>V neposlednom rade aj osobnos\u0165, ktor\u00e1 mala v\u00fdznamn\u00fd vplyv na kult\u00farny \u017eivot na\u0161ej obce. Dirigenta a umeleck\u00e9ho ved\u00faceho Krojov\u00e9ho spevokolu Ore\u0161an, ktor\u00fd v Ore\u0161anoch zalo\u017eil v roku 1948.<\/p>\n\n\n\n<p>Z\u00e1rove\u0148 sme si minul\u00fd t\u00fd\u017ede\u0148 pripomenuli 46. v\u00fdro\u010die \u00famrtia tejto v\u00fdznamnej osobnosti, ktor\u00e1 sa nezmazate\u013ene zap\u00edsala do dej\u00edn na\u0161ej obce.<\/p>\n\n\n\n<p>Viktor Br\u00f3s je pochovan\u00fd na miestnom cintor\u00edne. \u010ces\u0165 jeho pamiatke.<\/p>\n\n\n\n<p>Na fotografii je Viktor Br\u00f3s s Mikul\u00e1\u0161om Schneidrom \u2013 Trnavsk\u00fdm a krojovancami<\/p>\n\n\n\n<p>Foto \u00a9 Z\u00e1padoslovensk\u00e9 m\u00fazeum v Trnave<\/p>","protected":false},"excerpt":{"rendered":"<p>Viktor Br\u00f3s (* 19.5.1922 Lietavsk\u00e1 L\u00faka \u2013 \u2020 12.5.1976 Trnava) V dne\u0161n\u00fd de\u0148 si pripom\u00edname 100. v\u00fdro\u010die narodenia Viktora Br\u00f3sa, hudobn\u00edka, zbormajstra, hudobn\u00e9ho pedag\u00f3ga, odborn\u00e9ho publicistu, dlhoro\u010dn\u00e9ho dirigenta spevokolu Bradlan, ved\u00faceho Katedry hudobnej v\u00fdchovy na Pedagogickej fakulte UK v Trnave, umeleck\u00e9ho ved\u00faceho Okresn\u00e9ho u\u010dite\u013esk\u00e9ho spevokolu, spoluorganiz\u00e1tora Hudobnej jari a spev\u00e1ckej s\u00fa\u0165a\u017ee Mikul\u00e1\u0161a Schneidra-Trnavsk\u00e9ho. V neposlednom [&hellip;]<\/p>\n","protected":false},"author":1,"featured_media":3647,"comment_status":"closed","ping_status":"closed","sticky":false,"template":"","format":"standard","meta":{"inline_featured_image":false,"footnotes":""},"categories":[1,41],"tags":[22],"class_list":["post-3646","post","type-post","status-publish","format-standard","has-post-thumbnail","hentry","category-clanky","category-historia","tag-22"],"_links":{"self":[{"href":"https:\/\/www.obernussdorf.sk\/en\/wp-json\/wp\/v2\/posts\/3646","targetHints":{"allow":["GET"]}}],"collection":[{"href":"https:\/\/www.obernussdorf.sk\/en\/wp-json\/wp\/v2\/posts"}],"about":[{"href":"https:\/\/www.obernussdorf.sk\/en\/wp-json\/wp\/v2\/types\/post"}],"author":[{"embeddable":true,"href":"https:\/\/www.obernussdorf.sk\/en\/wp-json\/wp\/v2\/users\/1"}],"replies":[{"embeddable":true,"href":"https:\/\/www.obernussdorf.sk\/en\/wp-json\/wp\/v2\/comments?post=3646"}],"version-history":[{"count":1,"href":"https:\/\/www.obernussdorf.sk\/en\/wp-json\/wp\/v2\/posts\/3646\/revisions"}],"predecessor-version":[{"id":3648,"href":"https:\/\/www.obernussdorf.sk\/en\/wp-json\/wp\/v2\/posts\/3646\/revisions\/3648"}],"wp:featuredmedia":[{"embeddable":true,"href":"https:\/\/www.obernussdorf.sk\/en\/wp-json\/wp\/v2\/media\/3647"}],"wp:attachment":[{"href":"https:\/\/www.obernussdorf.sk\/en\/wp-json\/wp\/v2\/media?parent=3646"}],"wp:term":[{"taxonomy":"category","embeddable":true,"href":"https:\/\/www.obernussdorf.sk\/en\/wp-json\/wp\/v2\/categories?post=3646"},{"taxonomy":"post_tag","embeddable":true,"href":"https:\/\/www.obernussdorf.sk\/en\/wp-json\/wp\/v2\/tags?post=3646"}],"curies":[{"name":"wp","href":"https:\/\/api.w.org\/{rel}","templated":true}]}}