{"id":3641,"date":"2022-08-02T10:18:00","date_gmt":"2022-08-02T08:18:00","guid":{"rendered":"https:\/\/www.obernussdorf.sk\/?p=3641"},"modified":"2024-10-18T10:20:28","modified_gmt":"2024-10-18T08:20:28","slug":"kaplnka-sv-rochusa-z-montpellier","status":"publish","type":"post","link":"https:\/\/www.obernussdorf.sk\/en\/2022\/clanky\/kaplnka-sv-rochusa-z-montpellier\/","title":{"rendered":"KAPLNKA SV. R\u00d3CHUSA Z MONTPELLIER"},"content":{"rendered":"<p>Prech\u00e1dzame okolo a mo\u017eno si ani neuvedomujeme, \u017ee tam st\u00e1le je. Sv\u00e4t\u00fd za dedinou. Sv\u00e4t\u00fd Rochus. Ten, ktor\u00fd kedysi lie\u010dil chor\u00fdch znamen\u00edm kr\u00ed\u017ea.<\/p>\n\n\n\n<p>Dnes rad\u0161ej \u201ed\u00f4verujeme vede\u201c. Kaplnku si u\u017e m\u00e1lokto v\u0161imne. Zarast\u00e1 burinou a kr\u010d\u00ed sa v novovznikaj\u00facej z\u00e1stavbe.<\/p>\n\n\n\n<p><a><\/a>Patr\u00f3n chor\u00fdch, ochrana proti n\u00e1kaz\u00e1m. V minulosti to bolo inak. \u013dudia vedeli, \u017ee nikdy nesta\u010dia vlastn\u00e9 sily. Dnes to aj vieme, aj nevieme \u2013 \u010di sk\u00f4r nechceme vedie\u0165, ak sme k sebe \u00faprimn\u00ed.<\/p>\n\n\n\n<p>Hlbok\u00fd vz\u0165ah k Bohu a \u00facta k sv\u00e4tcom sa v minulosti prejavovali aj navonok. Aj k na\u0161ej barokovej kaplnke sv. R\u00f3chusa z Montpellier sa ka\u017edoro\u010dne konali procesie, rovnako ako k ostatn\u00fdm hornoore\u0161ansk\u00fdm kaplnk\u00e1m.<\/p>\n\n\n\n<p>Nesk\u00f4r sa od procesi\u00ed upustilo, hlavne z politick\u00fdch d\u00f4vodov a je na \u0161kodu, \u017ee po roku 1989 sa na dlhoro\u010dn\u00fa trad\u00edciu u\u017e systematicky nenadviazalo. \u017dia\u013e, v posledn\u00fdch rokoch sa ust\u00fapilo aj od ka\u017edoro\u010dnej sv. om\u0161e, ktor\u00e1 sa pri kaplnke kon\u00e1vala 16. augusta &#8211; na sviatok tohto sv\u00e4tca.<\/p>\n\n\n\n<p>Toto zistenie prekvap\u00ed o to viac, ak vezmeme do \u00favahy, \u017ee bol vz\u00fdvan\u00fd ako ochranca proti n\u00e1kaz\u00e1m.<\/p>\n\n\n\n<p>V minulosti kaplnka sv. R\u00f3chusa akoby opustene str\u00e1\u017eila pred dedinou. Dnes je obstavan\u00e1 a kr\u010d\u00ed sa medzi novostavbami. K pocitu z\u00fabo\u017eenosti prispieva aj neudr\u017eovan\u00fd ter\u00e9n okolo kaplnky. Ve\u010f na\u010do by sa aj udr\u017eoval, om\u0161e a ani procesie sa tu u\u017e nekon\u00e1vaj\u00fa. \u017de je to neofici\u00e1lna obecn\u00e1 pamiatka? \u010co tam po tom&#8230;<\/p>\n\n\n\n<p>Ke\u010f u\u017e spom\u00edname jej polohu, uvedomili ste si niekedy, \u017ee od kaplnky je vidie\u0165 priamo na cholerov\u00fd cintor\u00edn? Je \u00fa\u017easn\u00e9, ako \u013eudia dok\u00e1zali v minulosti aj v tak \u0165a\u017ek\u00fdch chv\u00ed\u013each citlivo prep\u00e1ja\u0165 duchovno, \u017eivot, smr\u0165, estetiku.<\/p>\n\n\n\n<p>O kaplnke, R\u00f3chusovi, prostred\u00ed, duchovne, \u013eudskej povrchnosti a pod. by sa dalo e\u0161te nap\u00edsa\u0165 ve\u013ea, ale to nie je podstatou tohto pr\u00edspevku. U\u017e sme sa jednoducho nemohli pozera\u0165, ako kaplnka zarast\u00e1, a tak symbolicky, necel\u00fd mesiac pred sviatkom sv. R\u00f3cha sme si v Ober Nussdorf dali t\u00fa n\u00e1mahu (a\u017e tak nam\u00e1hav\u00e9 to zase nebolo) a pokosili sme priestor okolo nej. Dalo by sa poveda\u0165, \u017ee sme si tak z\u00e1rove\u0148 pripomenuli aj 695. v\u00fdro\u010die \u00famrtia tohto sv\u00e4tca, ktor\u00e9 pripad\u00e1 pr\u00e1ve na 16. august.<\/p>\n\n\n\n<p>A kto vie, mo\u017eno pr\u00e1ve tento n\u00e1\u0161 drobn\u00fd po\u010din bude impulzom pre konanie sa tohtoro\u010dnej sl\u00e1vnostnej sv. om\u0161e pri kaplnke.<\/p>\n\n\n\n<p>Sv\u00e4t\u00fd Rochus, oroduj za n\u00e1s!<\/p>\n\n\n\n<p>(JS&amp;ZS)<\/p>\n\n\n\n<figure class=\"wp-block-gallery has-nested-images columns-default is-cropped wp-block-gallery-1 is-layout-flex wp-block-gallery-is-layout-flex\">\n<figure class=\"wp-block-image size-large\"><img fetchpriority=\"high\" decoding=\"async\" width=\"752\" height=\"1024\" data-id=\"3643\" src=\"https:\/\/www.obernussdorf.sk\/wp-content\/uploads\/2024\/10\/295991696_472519014879361_3598951253094659066_n-1-752x1024.jpg\" alt=\"\" class=\"wp-image-3643\" srcset=\"https:\/\/www.obernussdorf.sk\/wp-content\/uploads\/2024\/10\/295991696_472519014879361_3598951253094659066_n-1-752x1024.jpg 752w, https:\/\/www.obernussdorf.sk\/wp-content\/uploads\/2024\/10\/295991696_472519014879361_3598951253094659066_n-1-220x300.jpg 220w, https:\/\/www.obernussdorf.sk\/wp-content\/uploads\/2024\/10\/295991696_472519014879361_3598951253094659066_n-1-768x1046.jpg 768w, https:\/\/www.obernussdorf.sk\/wp-content\/uploads\/2024\/10\/295991696_472519014879361_3598951253094659066_n-1-1128x1536.jpg 1128w, https:\/\/www.obernussdorf.sk\/wp-content\/uploads\/2024\/10\/295991696_472519014879361_3598951253094659066_n-1-9x12.jpg 9w, https:\/\/www.obernussdorf.sk\/wp-content\/uploads\/2024\/10\/295991696_472519014879361_3598951253094659066_n-1.jpg 1140w\" sizes=\"(max-width: 752px) 100vw, 752px\" \/><\/figure>\n\n\n\n<figure class=\"wp-block-image size-large\"><img decoding=\"async\" width=\"758\" height=\"1024\" data-id=\"3642\" src=\"https:\/\/www.obernussdorf.sk\/wp-content\/uploads\/2024\/10\/296386462_472519114879351_7761199362244487323_n-758x1024.jpg\" alt=\"\" class=\"wp-image-3642\" srcset=\"https:\/\/www.obernussdorf.sk\/wp-content\/uploads\/2024\/10\/296386462_472519114879351_7761199362244487323_n-758x1024.jpg 758w, https:\/\/www.obernussdorf.sk\/wp-content\/uploads\/2024\/10\/296386462_472519114879351_7761199362244487323_n-222x300.jpg 222w, https:\/\/www.obernussdorf.sk\/wp-content\/uploads\/2024\/10\/296386462_472519114879351_7761199362244487323_n-768x1038.jpg 768w, https:\/\/www.obernussdorf.sk\/wp-content\/uploads\/2024\/10\/296386462_472519114879351_7761199362244487323_n-1137x1536.jpg 1137w, https:\/\/www.obernussdorf.sk\/wp-content\/uploads\/2024\/10\/296386462_472519114879351_7761199362244487323_n-9x12.jpg 9w, https:\/\/www.obernussdorf.sk\/wp-content\/uploads\/2024\/10\/296386462_472519114879351_7761199362244487323_n.jpg 1158w\" sizes=\"(max-width: 758px) 100vw, 758px\" \/><\/figure>\n\n\n\n<figure class=\"wp-block-image size-large\"><img decoding=\"async\" width=\"564\" height=\"812\" data-id=\"3644\" src=\"https:\/\/www.obernussdorf.sk\/wp-content\/uploads\/2024\/10\/295820592_472519334879329_2242175568648911885_n.jpg\" alt=\"\" class=\"wp-image-3644\" srcset=\"https:\/\/www.obernussdorf.sk\/wp-content\/uploads\/2024\/10\/295820592_472519334879329_2242175568648911885_n.jpg 564w, https:\/\/www.obernussdorf.sk\/wp-content\/uploads\/2024\/10\/295820592_472519334879329_2242175568648911885_n-208x300.jpg 208w, https:\/\/www.obernussdorf.sk\/wp-content\/uploads\/2024\/10\/295820592_472519334879329_2242175568648911885_n-8x12.jpg 8w\" sizes=\"(max-width: 564px) 100vw, 564px\" \/><\/figure>\n<\/figure>\n\n\n\n<p>Foto: M. \u017da\u017eo (1-2), pinterest (4)<\/p>\n\n\n\n<p><\/p>","protected":false},"excerpt":{"rendered":"<p>Prech\u00e1dzame okolo a mo\u017eno si ani neuvedomujeme, \u017ee tam st\u00e1le je. Sv\u00e4t\u00fd za dedinou. Sv\u00e4t\u00fd Rochus. Ten, ktor\u00fd kedysi lie\u010dil chor\u00fdch znamen\u00edm kr\u00ed\u017ea. Dnes rad\u0161ej \u201ed\u00f4verujeme vede\u201c. Kaplnku si u\u017e m\u00e1lokto v\u0161imne. Zarast\u00e1 burinou a kr\u010d\u00ed sa v novovznikaj\u00facej z\u00e1stavbe. Patr\u00f3n chor\u00fdch, ochrana proti n\u00e1kaz\u00e1m. V minulosti to bolo inak. \u013dudia vedeli, \u017ee nikdy nesta\u010dia [&hellip;]<\/p>\n","protected":false},"author":1,"featured_media":3642,"comment_status":"closed","ping_status":"closed","sticky":false,"template":"","format":"standard","meta":{"inline_featured_image":false,"footnotes":""},"categories":[1,41],"tags":[22],"class_list":["post-3641","post","type-post","status-publish","format-standard","has-post-thumbnail","hentry","category-clanky","category-historia","tag-22"],"_links":{"self":[{"href":"https:\/\/www.obernussdorf.sk\/en\/wp-json\/wp\/v2\/posts\/3641","targetHints":{"allow":["GET"]}}],"collection":[{"href":"https:\/\/www.obernussdorf.sk\/en\/wp-json\/wp\/v2\/posts"}],"about":[{"href":"https:\/\/www.obernussdorf.sk\/en\/wp-json\/wp\/v2\/types\/post"}],"author":[{"embeddable":true,"href":"https:\/\/www.obernussdorf.sk\/en\/wp-json\/wp\/v2\/users\/1"}],"replies":[{"embeddable":true,"href":"https:\/\/www.obernussdorf.sk\/en\/wp-json\/wp\/v2\/comments?post=3641"}],"version-history":[{"count":1,"href":"https:\/\/www.obernussdorf.sk\/en\/wp-json\/wp\/v2\/posts\/3641\/revisions"}],"predecessor-version":[{"id":3645,"href":"https:\/\/www.obernussdorf.sk\/en\/wp-json\/wp\/v2\/posts\/3641\/revisions\/3645"}],"wp:featuredmedia":[{"embeddable":true,"href":"https:\/\/www.obernussdorf.sk\/en\/wp-json\/wp\/v2\/media\/3642"}],"wp:attachment":[{"href":"https:\/\/www.obernussdorf.sk\/en\/wp-json\/wp\/v2\/media?parent=3641"}],"wp:term":[{"taxonomy":"category","embeddable":true,"href":"https:\/\/www.obernussdorf.sk\/en\/wp-json\/wp\/v2\/categories?post=3641"},{"taxonomy":"post_tag","embeddable":true,"href":"https:\/\/www.obernussdorf.sk\/en\/wp-json\/wp\/v2\/tags?post=3641"}],"curies":[{"name":"wp","href":"https:\/\/api.w.org\/{rel}","templated":true}]}}