{"id":3635,"date":"2022-10-20T10:01:00","date_gmt":"2022-10-20T08:01:00","guid":{"rendered":"https:\/\/www.obernussdorf.sk\/?p=3635"},"modified":"2024-10-18T10:14:50","modified_gmt":"2024-10-18T08:14:50","slug":"svaty-vendelin-nikdy-nas-neopustaj","status":"publish","type":"post","link":"https:\/\/www.obernussdorf.sk\/en\/2022\/clanky\/svaty-vendelin-nikdy-nas-neopustaj\/","title":{"rendered":"SV\u00c4T\u00dd VENDEL\u00cdN NIKDY N\u00c1S NEOP\u00da\u0160\u0164AJ \u2026."},"content":{"rendered":"<figure class=\"wp-block-image size-medium\"><img fetchpriority=\"high\" decoding=\"async\" width=\"228\" height=\"300\" src=\"https:\/\/www.obernussdorf.sk\/wp-content\/uploads\/2024\/10\/311687676_538970794900849_7435463807619200387_n-228x300.jpg\" alt=\"Kaplnka sv. Vendel\u00edna\" class=\"wp-image-3636\" srcset=\"https:\/\/www.obernussdorf.sk\/wp-content\/uploads\/2024\/10\/311687676_538970794900849_7435463807619200387_n-228x300.jpg 228w, https:\/\/www.obernussdorf.sk\/wp-content\/uploads\/2024\/10\/311687676_538970794900849_7435463807619200387_n-777x1024.jpg 777w, https:\/\/www.obernussdorf.sk\/wp-content\/uploads\/2024\/10\/311687676_538970794900849_7435463807619200387_n-768x1012.jpg 768w, https:\/\/www.obernussdorf.sk\/wp-content\/uploads\/2024\/10\/311687676_538970794900849_7435463807619200387_n-1166x1536.jpg 1166w, https:\/\/www.obernussdorf.sk\/wp-content\/uploads\/2024\/10\/311687676_538970794900849_7435463807619200387_n-9x12.jpg 9w, https:\/\/www.obernussdorf.sk\/wp-content\/uploads\/2024\/10\/311687676_538970794900849_7435463807619200387_n.jpg 1554w\" sizes=\"(max-width: 228px) 100vw, 228px\" \/><\/figure>\n\n\n\n<p>Na dne\u0161n\u00fd de\u0148 pripad\u00e1 sviatok sv. Vendel\u00edna (*okolo 550 \u00cdrsko &#8211; \u2020 617 Tholey, Nemecko), patr\u00f3na pastierov, sedliakov, pol\u00ed, ro\u013en\u00edkov, \u017eivotn\u00e9ho prostredia, ochrancov pr\u00edrody, prihov\u00e1raj\u00faceho sa za priazniv\u00e9 po\u010dasie a dobr\u00fa \u00farodu, ochrancu pred chorobami zvierat a pomocn\u00edka v n\u00fadzi.<\/p>\n\n\n\n<p>V na\u0161ej obci n\u00e1m tohto sv\u00e4tca pripom\u00edna kaplnka na kri\u017eovatke na L\u00e1zni a socha umiestnen\u00e1 na hlavnom olt\u00e1ri v Kostole Mena Panny M\u00e1rie.<\/p>\n\n\n\n<p>Kto bol sv. Vendel\u00edn? <a><\/a>Mal \u00edrsko-\u0161k\u00f3tsky kr\u00e1\u013eovsk\u00fd p\u00f4vod. Ako mlad\u00fd sa rozhodol opusti\u0165 kr\u00e1\u013eovsk\u00fd dvor, zasv\u00e4ti\u0165 \u017eivot Bohu, sta\u0165 sa pustovn\u00edkom a \u017ei\u0165 v harm\u00f3nii s pr\u00edrodou. Nesk\u00f4r sa stal op\u00e1tom v benedikt\u00ednskom kl\u00e1\u0161tore v Tholey v S\u00e1rsku, kde \u017eil a\u017e do svojej smrti v r. 617. Pochovan\u00fd je v meste\u010dku St. Wendel v bazilike Wendalinus, na mieste, kde kedysi st\u00e1vala jeho pustov\u0148a.<\/p>\n\n\n\n<p>\u00dactu k sv. Vendel\u00ednovi ofici\u00e1lne uznal p\u00e1pe\u017e Mikul\u00e1\u0161 V. v r. 1450. Vendel\u00edn bol uznan\u00fd za patr\u00f3na pastierov, sedliakov, po\u013enohospod\u00e1rov. Pr\u00e1ve preto je zv\u00e4\u010d\u0161a zobrazovan\u00fd ako mlad\u00fd pastier s dobytkom a ovcami, s pastierkou palicou a kapsou.<\/p>\n\n\n\n<p>To, \u017ee aj v na\u0161ej obci m\u00e1me pamiatky spojen\u00e9 s t\u00fdmto sv\u00e4tcom, nie je n\u00e1hoda. V minulosti sa v podve\u010dern\u00fdch hodin\u00e1ch d\u0148a 20. okt\u00f3bra kon\u00e1vala ku kaplnke sv. Vendel\u00edna na L\u00e1zni ka\u017edoro\u010dn\u00e1 procesia. Dnes si na t\u00fato sl\u00e1vnos\u0165 pam\u00e4taj\u00fa u\u017e len najstar\u0161\u00ed obyvatelia obce, ve\u010f posledn\u00e1 sa uskuto\u010dnila okolo roku 1952.<\/p>\n\n\n\n<p>Je \u0161koda, \u017ee sa od tejto trad\u00edcie upustilo. O to viac, \u017ee v\u00fdznam procesie ku kaplnke sv. Vendel\u00edna bol ove\u013ea hlb\u0161\u00ed, a \u017eia\u013e, zabudlo sa na\u0148.<\/p>\n\n\n\n<p>V\u0161etci vieme, \u017ee hody sa v obci sa sp\u00e1jaj\u00fa s v\u00fdro\u010d\u00edm posviacky kostola, t.j. s Menom Panny M\u00e1rie, ktorej je zasv\u00e4ten\u00fd kostol.<\/p>\n\n\n\n<p>Ur\u010dite V\u00e1s v\u0161ak prekvap\u00ed, \u017ee patr\u00f3n kostola a farnosti nie je ten ist\u00fd. Patr\u00f3nom Hornoore\u0161anskej farnosti bol a st\u00e1le je sv. Vendel\u00edn. A pr\u00e1ve tu tkvie aj podstata tejto zv\u00fd\u0161enej \u00facty k sv. Vendel\u00ednovi v Horn\u00fdch Ore\u0161anoch. Je preto smutn\u00e9, \u017ee sme zabudli na patroc\u00ednium a aj na trad\u00edciu procesi\u00ed. Sta\u010dilo n\u00e1m na to 40 rokov perzek\u00faci\u00ed za b\u00fdval\u00e9ho re\u017eimu. Po roku 1989 u\u017e zjavne nebol z\u00e1ujem, chu\u0165, a ani potreba.<\/p>\n\n\n\n<p>Toto kr\u00e1tke zamyslenie si preto dovol\u00edm ukon\u010di\u0165 modlitbou, ktorej za\u010diatok som pou\u017eil aj v n\u00e1zve a ktor\u00e1 v minulosti odznievala z \u00fast dedinsk\u00e9ho \u013eudu pr\u00e1ve na dne\u0161n\u00fd sviatok: \u201eSv\u00e4t\u00fd Vendel\u00edn, nikdy n\u00e1s neop\u00fa\u0161\u0165aj, chr\u00e1\u0148 na\u0161u staj\u0148u, chr\u00e1\u0148 n\u00e1\u0161 dobytok.\u201c<\/p>\n\n\n\n<p>(JS)<\/p>","protected":false},"excerpt":{"rendered":"<p>Na dne\u0161n\u00fd de\u0148 pripad\u00e1 sviatok sv. Vendel\u00edna (*okolo 550 \u00cdrsko &#8211; \u2020 617 Tholey, Nemecko), patr\u00f3na pastierov, sedliakov, pol\u00ed, ro\u013en\u00edkov, \u017eivotn\u00e9ho prostredia, ochrancov pr\u00edrody, prihov\u00e1raj\u00faceho sa za priazniv\u00e9 po\u010dasie a dobr\u00fa \u00farodu, ochrancu pred chorobami zvierat a pomocn\u00edka v n\u00fadzi. V na\u0161ej obci n\u00e1m tohto sv\u00e4tca pripom\u00edna kaplnka na kri\u017eovatke na L\u00e1zni a socha umiestnen\u00e1 [&hellip;]<\/p>\n","protected":false},"author":1,"featured_media":3636,"comment_status":"closed","ping_status":"closed","sticky":false,"template":"","format":"standard","meta":{"inline_featured_image":false,"footnotes":""},"categories":[1,41],"tags":[22],"class_list":["post-3635","post","type-post","status-publish","format-standard","has-post-thumbnail","hentry","category-clanky","category-historia","tag-22"],"_links":{"self":[{"href":"https:\/\/www.obernussdorf.sk\/en\/wp-json\/wp\/v2\/posts\/3635","targetHints":{"allow":["GET"]}}],"collection":[{"href":"https:\/\/www.obernussdorf.sk\/en\/wp-json\/wp\/v2\/posts"}],"about":[{"href":"https:\/\/www.obernussdorf.sk\/en\/wp-json\/wp\/v2\/types\/post"}],"author":[{"embeddable":true,"href":"https:\/\/www.obernussdorf.sk\/en\/wp-json\/wp\/v2\/users\/1"}],"replies":[{"embeddable":true,"href":"https:\/\/www.obernussdorf.sk\/en\/wp-json\/wp\/v2\/comments?post=3635"}],"version-history":[{"count":1,"href":"https:\/\/www.obernussdorf.sk\/en\/wp-json\/wp\/v2\/posts\/3635\/revisions"}],"predecessor-version":[{"id":3637,"href":"https:\/\/www.obernussdorf.sk\/en\/wp-json\/wp\/v2\/posts\/3635\/revisions\/3637"}],"wp:featuredmedia":[{"embeddable":true,"href":"https:\/\/www.obernussdorf.sk\/en\/wp-json\/wp\/v2\/media\/3636"}],"wp:attachment":[{"href":"https:\/\/www.obernussdorf.sk\/en\/wp-json\/wp\/v2\/media?parent=3635"}],"wp:term":[{"taxonomy":"category","embeddable":true,"href":"https:\/\/www.obernussdorf.sk\/en\/wp-json\/wp\/v2\/categories?post=3635"},{"taxonomy":"post_tag","embeddable":true,"href":"https:\/\/www.obernussdorf.sk\/en\/wp-json\/wp\/v2\/tags?post=3635"}],"curies":[{"name":"wp","href":"https:\/\/api.w.org\/{rel}","templated":true}]}}