{"id":3563,"date":"2023-09-11T07:36:00","date_gmt":"2023-09-11T05:36:00","guid":{"rendered":"https:\/\/www.obernussdorf.sk\/?p=3563"},"modified":"2024-10-18T07:39:04","modified_gmt":"2024-10-18T05:39:04","slug":"spomienka-na-sissi","status":"publish","type":"post","link":"https:\/\/www.obernussdorf.sk\/en\/2023\/clanky\/spomienka-na-sissi\/","title":{"rendered":"SPOMIENKA NA SISSI"},"content":{"rendered":"<p>SPOMIENKA NA SISSI <\/p>\n\n\n\n<p>\u201eLipa! Tich\u00fdm \u0161umom zvestuj otcov deje, \u017ee z vekov zapadl\u00fdch rodia sa n\u00e1deje!\u201c<\/p>\n\n\n\n<p>Predstava starej ko\u0161atej lipy evokuje ver\u0161 z b\u00e1sne Lipa od Andreja Sl\u00e1dkovi\u010da&#8230;<\/p>\n\n\n\n<p>T\u00e1 <a><\/a>hornoore\u0161ansk\u00e1 lipa, ktor\u00e1 pripom\u00ednala pamiatku cis\u00e1rovnej Sissi, n\u00e1silne do\u0161umela pred 11 rokmi. Mo\u017eno si ju e\u0161te pam\u00e4t\u00e1te. Mo\u017eno viete i nie\u010do o jej hist\u00f3rii. A mo\u017eno nie&#8230;<\/p>\n\n\n\n<p>P\u00edsal sa 10. september, ke\u010f na sklonku 19. storo\u010dia zomrela v \u017deneve n\u00e1silnou smr\u0165ou Al\u017ebeta Bavorsk\u00e1 (10. septembra 1898), zvan\u00e1 Sissi &#8211; bavorsk\u00e1 princezn\u00e1, rak\u00faska cis\u00e1rovn\u00e1, \u010desk\u00e1 a uhorsk\u00e1 kr\u00e1\u013eovn\u00e1, man\u017eelka rak\u00faskeho cis\u00e1ra Franti\u0161ka Jozefa I.<\/p>\n\n\n\n<p>Vzh\u013eadom na jej ob\u013e\u00fabenos\u0165 sa nemo\u017eno \u010dudova\u0165, \u017ee e\u0161te v tom istom roku vznikla iniciat\u00edva s n\u00e1zvom \u201eZasa\u010fme pam\u00e4tn\u00fd strom na pamiatku kr\u00e1\u013eovnej\u201c. V priebehu necel\u00e9ho roka bolo na \u00fazem\u00ed Rak\u00fasko \u2013 Uhorska zasaden\u00fdch viac ako 2,5 mili\u00f3na stromov.<\/p>\n\n\n\n<p>Do tejto iniciat\u00edvy sa zapojila aj na\u0161a obec. Jej \u00famrtie n\u00e1m e\u0161te pred 11 rokmi pripom\u00ednala lipa, ktor\u00e1 r\u00e1stla na Hlavnej ulici oproti predajni CBA, ved\u013ea autobusovej z\u00e1stavky. U\u017e nerastie.<\/p>\n\n\n\n<p>Pre\u010do? Lebo hist\u00f3ria a \u017eivotn\u00e9 prostredie s\u00fa v\u017edy a\u017e na samom konci z\u00e1ujmu.<\/p>\n\n\n\n<p>V zahrani\u010d\u00ed by u\u017e mal tak\u00fdto strom d\u00e1vno pam\u00e4tn\u00fa tabu\u013eu, ktor\u00e1 by informovala o d\u00f4vode a roku posadenia. Tu asi jedinou reakciou bol \u201enekrol\u00f3g\u201c v tla\u010di.<\/p>\n\n\n\n<p>Dnes n\u00e1m u\u017e zost\u00e1va len spomienka nielen na Sisi, ale aj na lipu a \u010fal\u0161ie memento barbarsk\u00e9ho pr\u00edstupu k miestnej pr\u00edrode a hist\u00f3rii.<\/p>\n\n\n\n<p>(JS)<\/p>\n\n\n\n<p>Foto: Monografia Horn\u00e9 Ore\u0161any<\/p>\n\n\n\n<p><\/p>","protected":false},"excerpt":{"rendered":"<p>SPOMIENKA NA SISSI \u201eLipa! Tich\u00fdm \u0161umom zvestuj otcov deje, \u017ee z vekov zapadl\u00fdch rodia sa n\u00e1deje!\u201c Predstava starej ko\u0161atej lipy evokuje ver\u0161 z b\u00e1sne Lipa od Andreja Sl\u00e1dkovi\u010da&#8230; T\u00e1 hornoore\u0161ansk\u00e1 lipa, ktor\u00e1 pripom\u00ednala pamiatku cis\u00e1rovnej Sissi, n\u00e1silne do\u0161umela pred 11 rokmi. Mo\u017eno si ju e\u0161te pam\u00e4t\u00e1te. Mo\u017eno viete i nie\u010do o jej hist\u00f3rii. A mo\u017eno [&hellip;]<\/p>\n","protected":false},"author":1,"featured_media":3564,"comment_status":"closed","ping_status":"closed","sticky":false,"template":"","format":"standard","meta":{"inline_featured_image":false,"footnotes":""},"categories":[1,41],"tags":[23],"class_list":["post-3563","post","type-post","status-publish","format-standard","has-post-thumbnail","hentry","category-clanky","category-historia","tag-23"],"_links":{"self":[{"href":"https:\/\/www.obernussdorf.sk\/en\/wp-json\/wp\/v2\/posts\/3563","targetHints":{"allow":["GET"]}}],"collection":[{"href":"https:\/\/www.obernussdorf.sk\/en\/wp-json\/wp\/v2\/posts"}],"about":[{"href":"https:\/\/www.obernussdorf.sk\/en\/wp-json\/wp\/v2\/types\/post"}],"author":[{"embeddable":true,"href":"https:\/\/www.obernussdorf.sk\/en\/wp-json\/wp\/v2\/users\/1"}],"replies":[{"embeddable":true,"href":"https:\/\/www.obernussdorf.sk\/en\/wp-json\/wp\/v2\/comments?post=3563"}],"version-history":[{"count":1,"href":"https:\/\/www.obernussdorf.sk\/en\/wp-json\/wp\/v2\/posts\/3563\/revisions"}],"predecessor-version":[{"id":3565,"href":"https:\/\/www.obernussdorf.sk\/en\/wp-json\/wp\/v2\/posts\/3563\/revisions\/3565"}],"wp:featuredmedia":[{"embeddable":true,"href":"https:\/\/www.obernussdorf.sk\/en\/wp-json\/wp\/v2\/media\/3564"}],"wp:attachment":[{"href":"https:\/\/www.obernussdorf.sk\/en\/wp-json\/wp\/v2\/media?parent=3563"}],"wp:term":[{"taxonomy":"category","embeddable":true,"href":"https:\/\/www.obernussdorf.sk\/en\/wp-json\/wp\/v2\/categories?post=3563"},{"taxonomy":"post_tag","embeddable":true,"href":"https:\/\/www.obernussdorf.sk\/en\/wp-json\/wp\/v2\/tags?post=3563"}],"curies":[{"name":"wp","href":"https:\/\/api.w.org\/{rel}","templated":true}]}}