{"id":2085,"date":"2024-10-01T07:25:52","date_gmt":"2024-10-01T05:25:52","guid":{"rendered":"https:\/\/www.obernussdorf.sk\/?p=2085"},"modified":"2024-10-18T08:29:04","modified_gmt":"2024-10-18T06:29:04","slug":"ako-urobit-dnom-zeme-kazdy-den","status":"publish","type":"post","link":"https:\/\/www.obernussdorf.sk\/en\/2024\/clanky\/ako-urobit-dnom-zeme-kazdy-den\/","title":{"rendered":"Ako urobi\u0165 D\u0148om Zeme ka\u017ed\u00fd de\u0148?"},"content":{"rendered":"<figure class=\"wp-block-image size-medium\"><img fetchpriority=\"high\" decoding=\"async\" width=\"300\" height=\"225\" src=\"https:\/\/www.obernussdorf.sk\/wp-content\/uploads\/2024\/10\/342718121_111549388585208_239637212973340287_n-300x225.jpg\" alt=\"\" class=\"wp-image-3607\" srcset=\"https:\/\/www.obernussdorf.sk\/wp-content\/uploads\/2024\/10\/342718121_111549388585208_239637212973340287_n-300x225.jpg 300w, https:\/\/www.obernussdorf.sk\/wp-content\/uploads\/2024\/10\/342718121_111549388585208_239637212973340287_n-16x12.jpg 16w, https:\/\/www.obernussdorf.sk\/wp-content\/uploads\/2024\/10\/342718121_111549388585208_239637212973340287_n.jpg 720w\" sizes=\"(max-width: 300px) 100vw, 300px\" \/><\/figure>\n\n\n\n<p>Ekol\u00f3gia je moment\u00e1lne v kurze. Pr\u00edroda n\u00e1m d\u00e1va poc\u00edti\u0165, \u017ee si nenech\u00e1 so sebou zahr\u00e1va\u0165. Klimatick\u00e9 zmeny s\u00fa nepr\u00edjemn\u00fd fakt.<\/p>\n\n\n\n<p>Poviete si, \u010do ja s t\u00fdm narob\u00edm? M\u00e1 zmysel moja kvapka v mori? Samozrejme, more tvoria sam\u00e9 kvapky a ka\u017ed\u00e1 m\u00e1 zmysel.<\/p>\n\n\n\n<p>Na\u0161e ob\u010dianske zdru\u017eenie prispieva svojim mal\u00fdm dielom u\u017e nieko\u013eko rokov. Kdesi v za\u010diatkoch pri\u0161li na\u0161i zakladaj\u00faci \u010dlenovia s impulzom vytvorenia parku na L\u00e1zni prostredn\u00edctvom participat\u00edvneho rozpo\u010dtu TTSK. Ke\u010f\u017ee projekt bolo potrebn\u00e9 realizova\u0165 pod hlavi\u010dkou existuj\u00faceho subjektu, oslovili sme v procese realiz\u00e1cie OZ Lomoz. Pri tomto projekte sme zistili, \u017ee podobn\u00fdch v\u00edzi\u00ed m\u00e1me viac a chceme ich pretavova\u0165 do skuto\u010dnosti, \u010do dalo podnet k zalo\u017eeniu ob\u010dianskeho zdru\u017eenia Ober Nussdorf v roku 2020.<\/p>\n\n\n\n<p>E\u0161te pred vznikom OZ sme v roku 2020 pod hlavi\u010dkou MO SZZ od\u0161tartovali projekt Zelenej aleje, ktor\u00fa sme nesk\u00f4r pomenovali Alejou sv. Benedikta. Spont\u00e1nne sa k n\u00e1m prid\u00e1vali \u010fal\u0161\u00ed \u010dlenovia, ktor\u00fdch nadchla my\u0161lienka pretv\u00e1ra\u0165 svoj \u017eivotn\u00fd priestor. Na\u0161im \u010dlenom a aktivistom sme nepon\u00fakali ni\u010d okrem nad\u0161enia \u2013 a poctivej driny. Ke\u010f sa dnes obzrieme, vid\u00edme za sebou hodiny a hodiny pr\u00e1ce i vz\u00e1jomn\u00e9ho zdie\u013eania. A vy\u0161e 120 zakorenen\u00fdch prosperuj\u00facich stromov, o ktor\u00e9 sa vytrvalo a s l\u00e1skou star\u00e1me. Bl\u00e1znovstvo pre t\u00fdch, ktor\u00ed si mysleli, \u017ee Alej je cestou k politick\u00e9mu kapit\u00e1lu.<\/p>\n\n\n\n<p>Pri obnove rem\u00edz sme sa nau\u010dili mnoho o vodoz\u00e1dr\u017en\u00fdch a protier\u00f3znych opatreniach, ktor\u00fdch potenci\u00e1l je potrebn\u00e9 e\u0161te st\u00e1le naplni\u0165. V\u0161etci si pam\u00e4t\u00e1me hor\u00face such\u00e9 leto a sme realisti aj oh\u013eadom bud\u00facnosti.<\/p>\n\n\n\n<p>Objavili sme i \u010fal\u0161\u00ed skryt\u00fd poklad \u2013 star\u00e9 odrody dlhovek\u00fdch ovocn\u00fdch stromov. S\u00fabe\u017ene s obnovou a tvorbou plodotvorn\u00fdch rem\u00edz a alej\u00ed po dobu troch rokov objavujeme, identifikujeme a zachra\u0148ujeme genofond star\u00fdch odoln\u00fdch ovocn\u00fdch stromov. Iniciovali sme vyhl\u00e1senie chr\u00e1nen\u00fdch stromov, viacer\u00fdm stromom sme zabezpe\u010dili odborn\u00fd arboristick\u00fd orez.<\/p>\n\n\n\n<p>\u00dadr\u017ebu tr\u00e1vnat\u00fdch pl\u00f4ch v aleji realizujeme ekologick\u00fdm pr\u00edrode bl\u00edzkym sp\u00f4sobom. V oblasti ochrany biotopov chr\u00e1nen\u00fdch \u00fazem\u00ed sa dlhodobo zasadzujeme za elimin\u00e1ciu motorovej dopravy na lesnej ceste poza priehradu, ktor\u00e1 je s\u00fa\u010das\u0165ou CHKO.<\/p>\n\n\n\n<p>Alej nie s\u00fa len stromy, ale aj \u017eivo\u010d\u00edchy. Mysl\u00edme i na ne. Osadili sme nieko\u013eko b\u00fadiek pre spevavcov a pre kol\u00f3nie netopierov.<\/p>\n\n\n\n<p>Mo\u017eno si pomysl\u00edte, nad\u0161enie je pekn\u00e9, ale v\u0161etko i nie\u010do stoj\u00ed. Prostriedky z\u00edskavame vytrval\u00fdm uch\u00e1dzan\u00edm sa o granty a dot\u00e1cie. Zatia\u013e \u201esa zelen\u00ed\u201c.<\/p>\n\n\n\n<p>To\u013eko na\u0161ich p\u00e1r kvapiek&#8230; Iste, mo\u017eno nie ka\u017ed\u00fd m\u00e1 chu\u0165 tr\u00e1vi\u0165 \u010das niekde v aleji alebo h\u013eada\u0165 star\u00e9 stromy. Niekomu sta\u010d\u00ed jeho vlastn\u00e1 z\u00e1hradka. \u00c1no, aj vy m\u00f4\u017eete prispie\u0165 a e\u0161te ako!<\/p>\n\n\n\n<p>Ako konkr\u00e9tne? Sk\u00faste si napr\u00edklad predstavi\u0165, \u017ee si na jedlo nastriekate Biolit&#8230; \u0160ialen\u00e1 predstava, \u017ee? \u00c1no, rovnako \u0161ialen\u00e1, ako strieka\u0165 v z\u00e1hrade pestic\u00eddy a myslie\u0165 si, \u017ee po nejakej dobe sa to vypar\u00ed&#8230; Kam asi? Do nejakej \u010diernej diery? Alebo do p\u00f4dy, vody, vzduchu, ktor\u00fd d\u00fdchame? Jestvuje cel\u00fd rad mo\u017enost\u00ed, ako vypestova\u0165 odoln\u00fa a zdrav\u00fa \u00farodu bez pou\u017eitia jedov. Sta\u010d\u00ed len chcie\u0165 a h\u013eada\u0165 sp\u00f4sob, ako na to.<\/p>\n\n\n\n<p>Alebo tak\u00fd kr\u00e1sny tr\u00e1vnik bez p\u00fapav? No, ak ju tam nechcete, m\u00f4\u017eete ju vytrha\u0165 manu\u00e1lne. Herbic\u00eddy \u0161kodia nielen \u013eudom, ale aj v\u010del\u00e1m&#8230; Bez v\u010diel \u00faroda nebude a ten pekn\u00fd tr\u00e1vnik postriekan\u00fd Roundupom n\u00e1s nezachr\u00e1ni. Tak\u00fd tr\u00e1vnik je jednoducho cynizmus. Napokon, p\u00fapava je pekn\u00e1 \u2013 a lie\u010div\u00e1 z\u00e1rove\u0148.<\/p>\n\n\n\n<p>Zadr\u017eiavanie da\u017e\u010fovej vody je \u010fal\u0161\u00ed \u201emal\u00fd krok pre \u010dloveka, ale ve\u013ek\u00fd skok pre \u013eudstvo\u201c. Okrem samotn\u00e9ho zberu vody do n\u00e1dob m\u00e1 v\u00fdznam i nevydl\u00e1\u017eden\u00e1, nespevnen\u00e1 plocha, ktor\u00e1 umo\u017e\u0148uje vsakovanie vody zeme.<\/p>\n\n\n\n<p>Mohli by sme e\u0161te hovori\u0165 o minimaliz\u00e1cii tvorby odpadu, o jeho efekt\u00edvnom spracovan\u00ed, o minimaliz\u00e1cii dopravy, re\u0161pektovan\u00ed chr\u00e1nen\u00fdch \u00fazem\u00ed&#8230; ale viete, na \u010dom z\u00e1le\u017e\u00ed najviac? Na v\u00e1s, na n\u00e1s, ka\u017edom z n\u00e1s, na na\u0161ich postojoch, na vn\u00fatornom nastaven\u00ed. Na tom, \u010do nikto a\u017e tak nevid\u00ed, \u010do sa ale prejavuje na na\u0161ich skutkoch.<\/p>\n\n\n\n<p>De\u0148 Zeme nie je z\u00e1le\u017eitos\u0165 jedn\u00e9ho d\u0148a. Nie je to m\u00f3da ani marketing, nie je to len povrchn\u00e9 a atrakt\u00edvne \u201enie\u010do\u201c. Jeho zmysel spo\u010d\u00edva v tom, aby sme sa zamysleli a za\u010dali veci robi\u0165 inak, ako doteraz. Aby sme si jednoducho prestali p\u00edli\u0165 kon\u00e1r pod sebou. Je podnetom k systematick\u00e9mu a dlhodob\u00e9mu konaniu. Dok\u00e1\u017eeme to?<\/p>\n\n\n\n<p>(JS&amp;ZS)<\/p>","protected":false},"excerpt":{"rendered":"<p>Ekol\u00f3gia je moment\u00e1lne v kurze. Pr\u00edroda n\u00e1m d\u00e1va poc\u00edti\u0165, \u017ee si nenech\u00e1 so sebou zahr\u00e1va\u0165. Klimatick\u00e9 zmeny s\u00fa nepr\u00edjemn\u00fd fakt. Poviete si, \u010do ja s t\u00fdm narob\u00edm? M\u00e1 zmysel moja kvapka v mori? Samozrejme, more tvoria sam\u00e9 kvapky a ka\u017ed\u00e1 m\u00e1 zmysel. Na\u0161e ob\u010dianske zdru\u017eenie prispieva svojim mal\u00fdm dielom u\u017e nieko\u013eko rokov. Kdesi v za\u010diatkoch [&hellip;]<\/p>\n","protected":false},"author":1,"featured_media":2087,"comment_status":"closed","ping_status":"closed","sticky":false,"template":"","format":"standard","meta":{"inline_featured_image":false,"footnotes":""},"categories":[1,33],"tags":[23],"class_list":["post-2085","post","type-post","status-publish","format-standard","has-post-thumbnail","hentry","category-clanky","category-ekologia","tag-23"],"_links":{"self":[{"href":"https:\/\/www.obernussdorf.sk\/en\/wp-json\/wp\/v2\/posts\/2085","targetHints":{"allow":["GET"]}}],"collection":[{"href":"https:\/\/www.obernussdorf.sk\/en\/wp-json\/wp\/v2\/posts"}],"about":[{"href":"https:\/\/www.obernussdorf.sk\/en\/wp-json\/wp\/v2\/types\/post"}],"author":[{"embeddable":true,"href":"https:\/\/www.obernussdorf.sk\/en\/wp-json\/wp\/v2\/users\/1"}],"replies":[{"embeddable":true,"href":"https:\/\/www.obernussdorf.sk\/en\/wp-json\/wp\/v2\/comments?post=2085"}],"version-history":[{"count":2,"href":"https:\/\/www.obernussdorf.sk\/en\/wp-json\/wp\/v2\/posts\/2085\/revisions"}],"predecessor-version":[{"id":3608,"href":"https:\/\/www.obernussdorf.sk\/en\/wp-json\/wp\/v2\/posts\/2085\/revisions\/3608"}],"wp:featuredmedia":[{"embeddable":true,"href":"https:\/\/www.obernussdorf.sk\/en\/wp-json\/wp\/v2\/media\/2087"}],"wp:attachment":[{"href":"https:\/\/www.obernussdorf.sk\/en\/wp-json\/wp\/v2\/media?parent=2085"}],"wp:term":[{"taxonomy":"category","embeddable":true,"href":"https:\/\/www.obernussdorf.sk\/en\/wp-json\/wp\/v2\/categories?post=2085"},{"taxonomy":"post_tag","embeddable":true,"href":"https:\/\/www.obernussdorf.sk\/en\/wp-json\/wp\/v2\/tags?post=2085"}],"curies":[{"name":"wp","href":"https:\/\/api.w.org\/{rel}","templated":true}]}}